[{"@context":"https:\/\/schema.org\/","@type":"Article","@id":"https:\/\/www.certodej.cz\/cestujeme-cely-rok\/#Article","mainEntityOfPage":"https:\/\/www.certodej.cz\/cestujeme-cely-rok\/","headline":"Cestujeme cel\u00fd rok","name":"Cestujeme cel\u00fd rok","description":"\u010cas letn\u00edch dovolen\u00fdch je ji\u017e d\u00e1vno za n\u00e1mi. Pro n\u011bkoho t\u00edm ale kon\u010d\u00ed pouze sez\u00f3na dovolen\u00fdch, ale n\u011bkomu zase na druhou stranu za\u010d\u00edn\u00e1. Ka\u017ed\u00fd z n\u00e1s up\u0159ednost\u0148uje jin\u00e9 ro\u010dn\u00ed obdob\u00ed, kter\u00e9 je podle n\u011bj vhodn\u00e9 pro cestov\u00e1n\u00ed. N\u011bco takov\u00e9ho je velmi z\u00e1visl\u00e9 na mnoha faktorech . Mo\u017en\u00e1 \u017ee pr\u00e1v\u011b vy pat\u0159\u00edte k t\u011bm, kte\u0159\u00ed si [&hellip;]","datePublished":"2019-04-06","dateModified":"2023-05-02","author":{"@type":"Person","@id":"https:\/\/www.certodej.cz\/author\/#Person","name":"","url":"https:\/\/www.certodej.cz\/author\/","identifier":1,"image":{"@type":"ImageObject","@id":"https:\/\/secure.gravatar.com\/avatar\/614460c3109f6ef46730ae87c5e2be623f574940fabcec1214dc0d8d5af688cf?s=96&d=mm&r=g","url":"https:\/\/secure.gravatar.com\/avatar\/614460c3109f6ef46730ae87c5e2be623f574940fabcec1214dc0d8d5af688cf?s=96&d=mm&r=g","height":96,"width":96}},"publisher":{"@type":"Organization","name":"certodej.cz","logo":{"@type":"ImageObject","@id":"\/logo.png","url":"\/logo.png","width":600,"height":60}},"image":{"@type":"ImageObject","@id":"https:\/\/www.certodej.cz\/wp-content\/uploads\/img_a342496_w2576_t1555251178.jpg","url":"https:\/\/www.certodej.cz\/wp-content\/uploads\/img_a342496_w2576_t1555251178.jpg","height":0,"width":0},"url":"https:\/\/www.certodej.cz\/cestujeme-cely-rok\/","about":["\u017divotn\u00ed styl"],"wordCount":474,"articleBody":"\u010cas letn\u00edch dovolen\u00fdch je ji\u017e d\u00e1vno za n\u00e1mi. Pro n\u011bkoho t\u00edm ale kon\u010d\u00ed pouze sez\u00f3na dovolen\u00fdch, ale n\u011bkomu zase na druhou stranu za\u010d\u00edn\u00e1. Ka\u017ed\u00fd z n\u00e1s up\u0159ednost\u0148uje jin\u00e9 ro\u010dn\u00ed obdob\u00ed, kter\u00e9 je podle n\u011bj vhodn\u00e9 pro cestov\u00e1n\u00ed. N\u011bco takov\u00e9ho je velmi z\u00e1visl\u00e9 na mnoha faktorech . Mo\u017en\u00e1 \u017ee pr\u00e1v\u011b vy pat\u0159\u00edte k t\u011bm, kte\u0159\u00ed si \u0159\u00edkaj\u00ed, \u017ee je doma kr\u00e1sn\u011b teplo a nen\u00ed t\u0159eba vyj\u00ed\u017ed\u011bt nikam k mo\u0159i. Ratolesti se p\u0159ece mohou vykoupat v rybn\u00edku nebo v baz\u00e9nu, kter\u00fd m\u00e1te na zahrad\u011b. Mo\u017en\u00e1 tak\u00e9 pat\u0159\u00edte k t\u011bm, kte\u0159\u00ed tvrd\u00ed, \u017ee je v\u0161ude draho. N\u011bco na tom pravdy ur\u010dit\u011b je, proto\u017ee v sez\u00f3n\u011b ceny rapidn\u011b stoupaj\u00ed. Mo\u017en\u00e1 nem\u00e1te r\u00e1di tu situaci, kdy je v\u0161ude je p\u0159elidn\u011bno. Snadno tak na silnic\u00edch naraz\u00edte na z\u00e1cpy. Nebo t\u0159eba nem\u00e1te d\u011bti, nebo u\u017e jsou d\u00e1vno odrostl\u00e9 \u010di mal\u00e9. V\u00fdb\u011brem tud\u00ed\u017e nemus\u00edte b\u00fdt v\u00e1z\u00e1ni na \u0161koln\u00ed pr\u00e1zdniny. Jestli existuje m\u00edsto, kde je st\u00e1le velk\u00e9 horko, pak jsou to st\u00e1ty ji\u017en\u00ed. Jestli\u017ee pat\u0159\u00edte mezi ty, kte\u0159\u00ed se neradi v\u00e1l\u00ed na pl\u00e1\u017ei, ale rad\u011bji chod\u00edte po pam\u00e1tk\u00e1ch, m\u011bli byste up\u0159ednostnit ty m\u011bs\u00edce, kdy je vedro je\u0161t\u011b m\u00edrn\u00e9. Ten, kdo se rozhodne vycestovat mimo sez\u00f3nu, m\u016f\u017ee rozhodn\u011b po\u010d\u00edtat s v\u00fdhodn\u011bj\u0161\u00edmi cenami ale i lep\u0161\u00edm v\u00fdb\u011brem ubytovac\u00edch kapacit. Narazit je dokonce mo\u017en\u00e9 i na v\u00fdhodn\u00e9 slevov\u00e9 nab\u00eddky. V\u011b\u0159te, \u017ee p\u0159i v\u00fdstupech na nejvy\u0161\u0161\u00ed horu si ji\u017e nebudete p\u0159ipadat jako na V\u00e1clav\u00e1ku. N\u011bkte\u0159\u00ed d\u00e1vaj\u00ed p\u0159ednost kr\u00e1s\u00e1m krajiny na\u0161\u00ed a jin\u00ed zase preferuj\u00ed krajinu zahrani\u010dn\u00ed. N\u011bco takov\u00e9ho z\u00e1le\u017e\u00ed na ka\u017ed\u00e9m z n\u00e1s. O d\u016fvodech, pro\u010d byste m\u011bli, nebo nem\u011bli vycestovat do zahrani\u010d\u00ed, si ale pov\u00edme zase n\u011bkdy jindy. A\u0165 u\u017e se ale rozhodnete, jak chcete, rozhodn\u011b byste n\u011bkam vycestovat m\u011bli. Z\u016fstat toti\u017e o dovolen\u00e9 sed\u011bt doma se m\u016f\u017ee na jednu stranu jevit jako velmi \u00fasporn\u00e9 \u0159e\u0161en\u00ed ale na druhou budete nejsp\u00ed\u0161e utr\u00e1cet za n\u00e1kupy nebo v\u00fdlety a ve v\u00fdsledku neza\u017eijete nic nov\u00e9ho. Kdy\u017e se\u010dtete finan\u010dn\u00ed n\u00e1klady, tak v\u00e1s t\u00fdden doma nevyjde o moc levn\u011bji, ne\u017e t\u00fdden na \u0160umav\u011b nebo \u010cesk\u00e9m r\u00e1ji. Proto byste m\u011bli vycestovat a u\u017e\u00edt si chv\u00edle volna n\u011bkde v p\u0159\u00edrod\u011b.                                                                                                                                                                                                                                                                                                                                                                                        4\/5 - (11 votes)        "},{"@context":"https:\/\/schema.org\/","@type":"BreadcrumbList","itemListElement":[{"@type":"ListItem","position":1,"name":"Cestujeme cel\u00fd rok","item":"https:\/\/www.certodej.cz\/cestujeme-cely-rok\/#breadcrumbitem"}]}]