[{"@context":"https:\/\/schema.org\/","@type":"Article","@id":"https:\/\/www.certodej.cz\/pracovni-dovolena-neni-to-prave-orechove\/#Article","mainEntityOfPage":"https:\/\/www.certodej.cz\/pracovni-dovolena-neni-to-prave-orechove\/","headline":"Pracovn\u00ed dovolen\u00e1 nen\u00ed to prav\u00e9 o\u0159echov\u00e9","name":"Pracovn\u00ed dovolen\u00e1 nen\u00ed to prav\u00e9 o\u0159echov\u00e9","description":"Mnoh\u00e9 rodiny se uchyluj\u00ed rad\u011bji k dovolen\u00e9, kterou tr\u00e1v\u00ed na chalup\u011b \u010di doma na zahrad\u011b. Jak ale sami v\u00edte, takov\u00e1to dovolen\u00e1 se velmi lehce zvrhne v dovolenou pracovn\u00ed, kdy si \u010dlov\u011bk ani neuv\u011bdom\u00ed, \u017ee p\u0159ijel relaxovat a vrhne se do v\u0161ech mo\u017en\u00fdch i nemo\u017en\u00fdch mal\u00fdch prac\u00ed, kter\u00e9 jsou sice prvopl\u00e1novit\u011b ur\u010deny jen na kr\u00e1tkou dobu, [&hellip;]","datePublished":"2024-12-25","dateModified":"2024-12-25","author":{"@type":"Person","@id":"https:\/\/www.certodej.cz\/author\/#Person","name":"","url":"https:\/\/www.certodej.cz\/author\/","identifier":1,"image":{"@type":"ImageObject","@id":"https:\/\/secure.gravatar.com\/avatar\/614460c3109f6ef46730ae87c5e2be623f574940fabcec1214dc0d8d5af688cf?s=96&d=mm&r=g","url":"https:\/\/secure.gravatar.com\/avatar\/614460c3109f6ef46730ae87c5e2be623f574940fabcec1214dc0d8d5af688cf?s=96&d=mm&r=g","height":96,"width":96}},"publisher":{"@type":"Organization","name":"certodej.cz","logo":{"@type":"ImageObject","@id":"\/logo.png","url":"\/logo.png","width":600,"height":60}},"url":"https:\/\/www.certodej.cz\/pracovni-dovolena-neni-to-prave-orechove\/","wordCount":194,"articleBody":"Mnoh\u00e9 rodiny se uchyluj\u00ed rad\u011bji k dovolen\u00e9, kterou tr\u00e1v\u00ed na chalup\u011b \u010di doma na zahrad\u011b. Jak ale sami v\u00edte, takov\u00e1to dovolen\u00e1 se velmi lehce zvrhne v dovolenou pracovn\u00ed, kdy si \u010dlov\u011bk ani neuv\u011bdom\u00ed, \u017ee p\u0159ijel relaxovat a vrhne se do v\u0161ech mo\u017en\u00fdch i nemo\u017en\u00fdch mal\u00fdch prac\u00ed, kter\u00e9 jsou sice prvopl\u00e1novit\u011b ur\u010deny jen na kr\u00e1tkou dobu, ale pokud se jich nakup\u00ed v\u00edc, dok\u00e1\u017e\u00ed zaplnit i cel\u00fd t\u00fdden. A jak\u00fd je v\u00fdsledek? Doma m\u00e1te sice hotovo, ale nejeli jste si n\u00e1hodou na chatu \u010di zahradu odpo\u010dinout? M\u016f\u017eete si p\u0159i dovolen\u00e9 dovolit odpo\u010d\u00edvat? Vydat se na jakoukoli dovolenou znamen\u00e1 u\u017e\u00edt si samotn\u00fd pobyt, p\u0159edt\u00edm i velk\u00e9 t\u011b\u0161en\u00ed a cestovn\u00ed hore\u010dku, ale v neposledn\u00ed \u010dad\u011b i na\u0161et\u0159it pom\u011brn\u011b velk\u00fd finan\u010dn\u00ed obnos, d\u00edky kter\u00e9mu bychom si mohli toto zpest\u0159en\u00ed l\u00e9ta v\u016fbec dovolit. Nemus\u00ed to b\u00fdt v\u017edy pravda, za velmi v\u00fdhodnou cenu si m\u016f\u017eete u\u017e leto\u0161n\u00ed l\u00e9to dop\u0159\u00e1t ubytov\u00e1n\u00ed v Chorvatsku.                                                                                                                                                                                                                                                                                                                                                                                        4\/5 - (1 vote)        "},{"@context":"https:\/\/schema.org\/","@type":"BreadcrumbList","itemListElement":[{"@type":"ListItem","position":1,"name":"Pracovn\u00ed dovolen\u00e1 nen\u00ed to prav\u00e9 o\u0159echov\u00e9","item":"https:\/\/www.certodej.cz\/pracovni-dovolena-neni-to-prave-orechove\/#breadcrumbitem"}]}]